{"id":1308,"date":"2017-07-14T09:51:33","date_gmt":"2017-07-14T07:51:33","guid":{"rendered":"http:\/\/adamot.pl\/blog\/?p=1308"},"modified":"2017-09-12T10:14:48","modified_gmt":"2017-09-12T08:14:48","slug":"ssangyong-rexton-w-wrocil-po-wiecej","status":"publish","type":"post","link":"https:\/\/adamot.pl\/blog\/ssangyong-rexton-w-wrocil-po-wiecej\/","title":{"rendered":"SsangYong Rexton W wr\u00f3ci\u0142 po wi\u0119cej\u2026"},"content":{"rendered":"<p><strong>Rexton W korea\u0144skiej marki SsangYong opisany jest<\/strong>\u00a0<strong><a href=\"http:\/\/adamot.pl\/blog\/hak-holowniczy-i-platforma-rowerowa-dla-rextona-w\/\" target=\"_blank\" rel=\"noopener noreferrer\">tutaj<\/a><\/strong>. Niedawno jego w\u0142a\u015bciciel wr\u00f3ci\u0142 do nas, aby zaopatrzy\u0107 si\u0119 w <strong>belki <a href=\"https:\/\/adamot.pl\/belki-dachowe-ssangyong-555\" target=\"_blank\" rel=\"noopener noreferrer\">https:\/\/adamot.pl\/belki-dachowe-ssangyong-555<\/a>\u00a0i box dachowy\u00a0<a href=\"https:\/\/adamot.pl\/box-dachowy-levup-cube-470-szary-antracyt-33.html\" target=\"_blank\" rel=\"noopener noreferrer\">https:\/\/adamot.pl\/box-dachowy-levup-cube-470-szary-antracyt-33.html<\/a><\/strong> do swojego samochodu.<\/p>\n<p>Bardzo dobra opinia Pana Emila na temat jego samochodu nie zmieni\u0142a si\u0119. Kolejne miesi\u0105ce za kierownic\u0105 tego olbrzyma wr\u0119cz utwierdzi\u0142y go, \u017ce by\u0142 to \u015bwietny zakup. \u00a0B\u0119d\u0105c \u015bwie\u017co po przegl\u0105dzie i u\u017cytkuj\u0105c go ju\u017c dwa lata nasz Klient wci\u0105\u017c zachwala walory Rextona W. Masa i konstrukcja auta na ramie daj\u0105 poczucie bezpiecze\u0144stwa, a wygodne i przestronne wn\u0119trze zapewniaj\u0105 komfort podr\u00f3\u017cowania wszystkim u\u017cytkownikom. Wed\u0142ug naszego Klienta, Rexton W, w\u015br\u00f3d korea\u0144skich teren\u00f3wek jest wr\u0119cz bezkonkurencyjny. Po doczepieniu przyczepy nie traci mocy, prawie nie czu\u0107 takiego obci\u0105\u017cenia. Do\u015b\u0107 sztywne zawieszenie, kt\u00f3re naprawd\u0119 dobrze si\u0119 prowadzi, sprawdza si\u0119 idealnie w terenie.<\/p>\n<p>To, co r\u00f3wnie\u017c zas\u0142uguje na pochwa\u0142\u0119 to obs\u0142uga gwarancyjna i dba\u0142o\u015b\u0107 o klient\u00f3w. SsangYong robi to naprawd\u0119 dobrze. Z my\u015bl\u0105 o zimowych wypadach w g\u00f3ry Pan Emil zdecydowa\u0142 si\u0119 na zakup boxa dachowego, kt\u00f3ry pomie\u015bci kilka par nart i znacznie u\u0142atwi pakowanie podczas ka\u017cdej wyprawy, tak zim\u0105 jak i latem. Razem z naszym Klientem wybrali\u015bmy nowocze\u015bnie wygl\u0105daj\u0105ce belki oraz elegancki, antracytowy box dachowy.<\/p>\n<p><a href=\"https:\/\/adamot.pl\/belki-dachowe-ssangyong-555\" target=\"_blank\" rel=\"noopener noreferrer\"><strong>Belki bazowe<\/strong><\/a>, kt\u00f3ry widzimy na dachu Rextona W to produkt w\u0142oskiej marki <strong>G3 z serii CL<\/strong>. Wykonane z aluminium, o owalnym kszta\u0142cie, szeroko\u015bci 53 mm oraz wysoko\u015bci 50 mm nie powoduj\u0105 szumu ani \u015bwistu podczas jazdy. Rozwi\u0105zania zastosowane w stopie monta\u017cowej tych w\u0142a\u015bnie belek okaza\u0142y si\u0119 by\u0107 bardzo przemy\u015blane, dzi\u0119ki czemu s\u0105 to belki, kt\u00f3re pasuj\u0105 na relingi zwyk\u0142e oraz zintegrowane. Wyst\u0119puj\u0105 te\u017c w wersji stalowej oraz dw\u00f3ch d\u0142ugo\u015bciach, 110 oraz 127 cm. Mechanizm s\u0142u\u017c\u0105cy do monta\u017cu belek zabezpieczony jest zamkiem. <strong>Belki dachowe G3 CL<\/strong> posiadaj\u0105 profil \u201eT\u201d o szeroko\u015bci 22 mm,\u00a0 s\u0142u\u017c\u0105cy do szybkiego monta\u017cu na nich dodatkowego sprz\u0119tu. Ich no\u015bno\u015b\u0107 to 75 kg a mocowanie do dachu nie wymaga u\u017cycia dodatkowych narz\u0119dzi. Jest to produkt wysokiej jako\u015bci, uniwersalny i w atrakcyjnej cenie.<\/p>\n<p><img decoding=\"async\" class=\"alignnone size-large wp-image-1315\" src=\"http:\/\/adamot.pl\/blog\/wp-content\/uploads\/2017\/07\/IMG_2311-1024x683.png\" alt=\"\" width=\"1000\" height=\"667\" \/><\/p>\n<p><strong>Free Plast<\/strong> to producent baga\u017cnik\u00f3w dachowych, kt\u00f3re znacznie u\u0142atwiaj\u0105 transport tego, co niezb\u0119dne jest nam do pracy czy podczas wypoczynku. Box dachowy, w kt\u00f3ry zaopatrzy\u0142 si\u0119 nasz Klient to model<a href=\"https:\/\/adamot.pl\/box-dachowy-levup-cube-470-szary-antracyt-33.html\" target=\"_blank\" rel=\"noopener noreferrer\"><strong> CUBE 470<\/strong><\/a>. Pojemno\u015b\u0107 470 litr\u00f3w i \u0142adowno\u015b\u0107 75 kg to niebagatelna przestrze\u0144 do zagospodarowania. Materia\u0142, z kt\u00f3rego zosta\u0142 wykonany box to ABS. Jest to tworzywo, kt\u00f3re charakteryzuje si\u0119 twardo\u015bci\u0105, odporno\u015bci\u0105 na zarysowania, dzi\u0119ki specjalnym pow\u0142okom jest tak\u017ce odporny na dzia\u0142anie warunk\u00f3w atmosferycznych i promieniowanie UV. Aerodynamiczna sylwetka i nowoczesny design bardzo dobrze komponuj\u0105 si\u0119 z liniami nadwozia ka\u017cdego samochodu. Box dachowy jest otwierany jednostronnie. System monta\u017cu jest prosty, przy pomocy obejm, a za bezpiecze\u0144stwo transportowanego ekwipunku odpowiadaj\u0105 dwa niezale\u017cne zamki. Producent daje nam dwa lata gwarancji na sw\u00f3j produkt.<\/p>\n<p><img decoding=\"async\" class=\"alignnone size-large wp-image-1312\" src=\"http:\/\/adamot.pl\/blog\/wp-content\/uploads\/2017\/07\/IMG_2270-1024x683.png\" alt=\"\" width=\"1000\" height=\"667\" \/><\/p>\n<p><img decoding=\"async\" class=\"alignnone size-large wp-image-1309\" src=\"http:\/\/adamot.pl\/blog\/wp-content\/uploads\/2017\/07\/IMG_2228-1024x683.png\" alt=\"\" width=\"1000\" height=\"667\" \/><\/p>\n<p><img decoding=\"async\" class=\"alignnone size-large wp-image-1316\" src=\"http:\/\/adamot.pl\/blog\/wp-content\/uploads\/2017\/07\/IMG_2330-1024x683.png\" alt=\"\" width=\"1000\" height=\"667\" \/><\/p>\n<p><img decoding=\"async\" class=\"alignnone size-large wp-image-1310\" src=\"http:\/\/adamot.pl\/blog\/wp-content\/uploads\/2017\/07\/IMG_2236-1024x683.png\" alt=\"\" width=\"1000\" height=\"667\" \/><\/p>\n<p><img decoding=\"async\" class=\"alignnone wp-image-1314 size-full\" src=\"http:\/\/adamot.pl\/blog\/wp-content\/uploads\/2017\/07\/IMG_2291-e1500018446595.png\" alt=\"Baga\u017cnik bazowy i box dachowy na dachu samochodu marki SsangYong Rexton W.\" width=\"1000\" height=\"667\" \/><br \/>\nSami mo\u017cecie przekona\u0107 si\u0119 jak przedstawia si\u0119 efekt ko\u0144cowy. Naszym zdaniem ca\u0142o\u015b\u0107 komponuje si\u0119 idealnie.<\/p>\n<!--RWP Review-->\n<div \n\tclass=\"rwp-review-wrap rwp-theme-1\" \n\tid=\"rwp-review-1308-0-516032993\" \n\tstyle=\"color: #3b3c3e; font-size: 12px\"\n     vocab=\"http:\/\/schema.org\/\" typeof=\"Review\"     data-post-id=\"1308\"\n    data-box-id=\"0\"\n    data-template-id=\"rwp_template_58efa3d3c5e09\"\n    data-disabled=\"1\"\n    data-sharing-review-link-label=\"Copy and paste the URL to share the review\"\n    data-per-page=\"3\"\n>\n\n    <div class=\"rwp-review\">\n        <span class=\"rwp-title\" property=\"itemReviewed\" typeof=\"Product\" ><em property=\"name\" >Belki dachowe G3 CL - opinia klienta:<\/em><\/span><div property=\"author\" typeof=\"Person\"><meta property=\"name\" content=\"Beata\" \/><\/div><meta property=\"datePublished\" content=\"2017-07-14\" \/>\n        <div class=\"rwp-header rwp-no-image\">\n<div class=\"rwp-overalls\"><div \n    class=\"rwp-overall-score rwp-only\" \n    style=\"background: #3c4650;\" \n    property=\"reviewRating\" typeof=\"http:\/\/schema.org\/Rating\"\n>\n\n        <meta property=\"bestRating\" content=\"10\">\n    <meta property=\"worstRating\" content=\"0\">\n\n            <span class=\"rwp-overlall-score-value\" property=\"ratingValue\">8.3<\/span>\n        <span class=\"rwp-overlall-score-label\">Ocena og\u00f3lna<\/span>\n    \n    \n<\/div><!--\/overall-score-->\n<\/div> <!-- \/overalls -->\n<div class=\"rwp-pros-wrap\">\n\n    <span \n        class=\"rwp-pros-label\" \n        style=\"color: #159100; \n               font-size: 14px;\n               line-height: 14px;\">Zalety<\/span>\n\n    <div \n        class=\"rwp-pros\"\n        style=\"font-size: 13px;\">Ciche <br>\r\nSzybki monta\u017c <br>\r\nUniwersalne <\/div><!--\/pros-->\n\n<\/div><!--\/pros-wrap-->\n\n\n\n<div class=\"rwp-cons-wrap\">\n\n    <span \n        class=\"rwp-cons-label\" \n        style=\"color: #dd3333; \n               font-size: 14px;\n               line-height: 14px;\">Wady<\/span>\n\n    <div \n        class=\"rwp-cons\"\n        style=\"font-size: 13px;\">Wad <br>\r\nnie <br>\r\nstwierdzono <\/div><!--\/pros-->\n\n<\/div><!--\/pros-wrap-->\n\n<\/div> <!-- \/header -->\t\n\n<div class=\"rwp-summary-wrap\">\n\t\n\t<span \n        class=\"rwp-summary-label\" \n        style=\"color: #3b3c3e; \n        \t   font-size: 16px; \n        \t   line-height: 16px;\">Podsumowanie<\/span>\n\n\t<div class=\"rwp-summary\" property=\"reviewBody\">Bardzo dobry stosunek ceny do jako\u015bci, nie ha\u0142asuj\u0105 podczas jazdy, polecam.<\/div>\n\n<\/div> <!-- \/summary -->\n\n<div class=\"rwp-scores \">\n\n<div class=\"rwp-criterion\"><div class=\"rwp-criterion-text\"><span class=\"rwp-criterion-label\" style=\"line-height: 12px;\">Wygl\u0105d<\/span><span class=\"rwp-criterion-score\" style=\"line-height: 16px; font-size: 16px;\">8<\/span><\/div><!-- \/criterion-text --><div class=\"rwp-criterion-bar-base\"><div class=\"rwp-score-bar\" style=\"width: 80%; background: #5283b8;\"><\/div><\/div><!-- \/criterion-bar --><\/div><!-- \/criterion --><div class=\"rwp-criterion\"><div class=\"rwp-criterion-text\"><span class=\"rwp-criterion-label\" style=\"line-height: 12px;\">Bezpiecze\u0144stwo<\/span><span class=\"rwp-criterion-score\" style=\"line-height: 16px; font-size: 16px;\">8.5<\/span><\/div><!-- \/criterion-text --><div class=\"rwp-criterion-bar-base\"><div class=\"rwp-score-bar\" style=\"width: 85%; background: #5283b8;\"><\/div><\/div><!-- \/criterion-bar --><\/div><!-- \/criterion --><div class=\"rwp-criterion\"><div class=\"rwp-criterion-text\"><span class=\"rwp-criterion-label\" style=\"line-height: 12px;\">Wygoda<\/span><span class=\"rwp-criterion-score\" style=\"line-height: 16px; font-size: 16px;\">8<\/span><\/div><!-- \/criterion-text --><div class=\"rwp-criterion-bar-base\"><div class=\"rwp-score-bar\" style=\"width: 80%; background: #5283b8;\"><\/div><\/div><!-- \/criterion-bar --><\/div><!-- \/criterion --><div class=\"rwp-criterion\"><div class=\"rwp-criterion-text\"><span class=\"rwp-criterion-label\" style=\"line-height: 12px;\">Cena\/Jako\u015b\u0107<\/span><span class=\"rwp-criterion-score\" style=\"line-height: 16px; font-size: 16px;\">8.5<\/span><\/div><!-- \/criterion-text --><div class=\"rwp-criterion-bar-base\"><div class=\"rwp-score-bar\" style=\"width: 85%; background: #5283b8;\"><\/div><\/div><!-- \/criterion-bar --><\/div><!-- \/criterion -->\n<\/div> <!-- \/scores -->\n    <\/div><!-- \/review -->\n\n    \n    <!-- <pre>{{$data | json}}<\/pre> -->\n\n<\/div><!--\/review-wrap-->\n\n\n\n<!--RWP Review-->\n<div \n\tclass=\"rwp-review-wrap rwp-theme-1\" \n\tid=\"rwp-review-1308-1-1999925601\" \n\tstyle=\"color: #3b3c3e; font-size: 12px\"\n     vocab=\"http:\/\/schema.org\/\" typeof=\"Review\"     data-post-id=\"1308\"\n    data-box-id=\"1\"\n    data-template-id=\"rwp_template_58efa3d3c5e09\"\n    data-disabled=\"1\"\n    data-sharing-review-link-label=\"Copy and paste the URL to share the review\"\n    data-per-page=\"3\"\n>\n\n    <div class=\"rwp-review\">\n        <span class=\"rwp-title\" property=\"itemReviewed\" typeof=\"Product\" ><em property=\"name\" >Baga\u017cnik dachowy box Free Plast CUBE 470 - opinia klienta:<\/em><\/span><div property=\"author\" typeof=\"Person\"><meta property=\"name\" content=\"Beata\" \/><\/div><meta property=\"datePublished\" content=\"2017-07-14\" \/>\n        <div class=\"rwp-header rwp-no-image\">\n<div class=\"rwp-overalls\"><div \n    class=\"rwp-overall-score rwp-only\" \n    style=\"background: #3c4650;\" \n    property=\"reviewRating\" typeof=\"http:\/\/schema.org\/Rating\"\n>\n\n        <meta property=\"bestRating\" content=\"10\">\n    <meta property=\"worstRating\" content=\"0\">\n\n            <span class=\"rwp-overlall-score-value\" property=\"ratingValue\">8.6<\/span>\n        <span class=\"rwp-overlall-score-label\">Ocena og\u00f3lna<\/span>\n    \n    \n<\/div><!--\/overall-score-->\n<\/div> <!-- \/overalls -->\n<div class=\"rwp-pros-wrap\">\n\n    <span \n        class=\"rwp-pros-label\" \n        style=\"color: #159100; \n               font-size: 14px;\n               line-height: 14px;\">Zalety<\/span>\n\n    <div \n        class=\"rwp-pros\"\n        style=\"font-size: 13px;\">Nowoczesny design <br>\r\n\u0141atwo\u015b\u0107 monta\u017cu\r\n<\/div><!--\/pros-->\n\n<\/div><!--\/pros-wrap-->\n\n\n\n<div class=\"rwp-cons-wrap\">\n\n    <span \n        class=\"rwp-cons-label\" \n        style=\"color: #dd3333; \n               font-size: 14px;\n               line-height: 14px;\">Wady<\/span>\n\n    <div \n        class=\"rwp-cons\"\n        style=\"font-size: 13px;\">Jednostronne otwieranie <br>\r\nBrak centralnego zamka<\/div><!--\/pros-->\n\n<\/div><!--\/pros-wrap-->\n\n<\/div> <!-- \/header -->\t\n\n<div class=\"rwp-summary-wrap\">\n\t\n\t<span \n        class=\"rwp-summary-label\" \n        style=\"color: #3b3c3e; \n        \t   font-size: 16px; \n        \t   line-height: 16px;\">Podsumowanie<\/span>\n\n\t<div class=\"rwp-summary\" property=\"reviewBody\">Box prezentuje si\u0119 bardzo elegancko na dachu samochodu, jest pojemny i wytrzyma\u0142y. Jestem bardzo zadowolony.<\/div>\n\n<\/div> <!-- \/summary -->\n\n<div class=\"rwp-scores \">\n\n<div class=\"rwp-criterion\"><div class=\"rwp-criterion-text\"><span class=\"rwp-criterion-label\" style=\"line-height: 12px;\">Wygl\u0105d<\/span><span class=\"rwp-criterion-score\" style=\"line-height: 16px; font-size: 16px;\">9.5<\/span><\/div><!-- \/criterion-text --><div class=\"rwp-criterion-bar-base\"><div class=\"rwp-score-bar\" style=\"width: 95%; background: #5283b8;\"><\/div><\/div><!-- \/criterion-bar --><\/div><!-- \/criterion --><div class=\"rwp-criterion\"><div class=\"rwp-criterion-text\"><span class=\"rwp-criterion-label\" style=\"line-height: 12px;\">Bezpiecze\u0144stwo<\/span><span class=\"rwp-criterion-score\" style=\"line-height: 16px; font-size: 16px;\">9<\/span><\/div><!-- \/criterion-text --><div class=\"rwp-criterion-bar-base\"><div class=\"rwp-score-bar\" style=\"width: 90%; background: #5283b8;\"><\/div><\/div><!-- \/criterion-bar --><\/div><!-- \/criterion --><div class=\"rwp-criterion\"><div class=\"rwp-criterion-text\"><span class=\"rwp-criterion-label\" style=\"line-height: 12px;\">Wygoda<\/span><span class=\"rwp-criterion-score\" style=\"line-height: 16px; font-size: 16px;\">7<\/span><\/div><!-- \/criterion-text --><div class=\"rwp-criterion-bar-base\"><div class=\"rwp-score-bar\" style=\"width: 70%; background: #5283b8;\"><\/div><\/div><!-- \/criterion-bar --><\/div><!-- \/criterion --><div class=\"rwp-criterion\"><div class=\"rwp-criterion-text\"><span class=\"rwp-criterion-label\" style=\"line-height: 12px;\">Cena\/Jako\u015b\u0107<\/span><span class=\"rwp-criterion-score\" style=\"line-height: 16px; font-size: 16px;\">9<\/span><\/div><!-- \/criterion-text --><div class=\"rwp-criterion-bar-base\"><div class=\"rwp-score-bar\" style=\"width: 90%; background: #5283b8;\"><\/div><\/div><!-- \/criterion-bar --><\/div><!-- \/criterion -->\n<\/div> <!-- \/scores -->\n    <\/div><!-- \/review -->\n\n    \n    <!-- <pre>{{$data | json}}<\/pre> -->\n\n<\/div><!--\/review-wrap-->\n\n\n\n","protected":false},"excerpt":{"rendered":"<p>Rexton W korea\u0144skiej marki SsangYong opisany jest\u00a0tutaj. Niedawno jego w\u0142a\u015bciciel wr\u00f3ci\u0142 do nas, aby zaopatrzy\u0107 si\u0119 w belki https:\/\/adamot.pl\/belki-dachowe-ssangyong-555\u00a0i box dachowy\u00a0https:\/\/adamot.pl\/box-dachowy-levup-cube-470-szary-antracyt-33.html do swojego samochodu. Bardzo dobra opinia Pana Emila na temat jego samochodu nie zmieni\u0142a si\u0119. Kolejne miesi\u0105ce za kierownic\u0105 tego olbrzyma wr\u0119cz utwierdzi\u0142y go, \u017ce by\u0142 to \u015bwietny zakup. \u00a0B\u0119d\u0105c \u015bwie\u017co po przegl\u0105dzie i [&hellip;]<\/p>\n","protected":false},"author":7,"featured_media":1313,"comment_status":"open","ping_status":"open","sticky":false,"template":"","format":"gallery","meta":{"footnotes":""},"categories":[3,2],"tags":[42,121,97,51,99,120,16,50,123,14,105,28],"yoast_head":"<!-- This site is optimized with the Yoast SEO plugin v22.5 - https:\/\/yoast.com\/wordpress\/plugins\/seo\/ -->\n<title>SsangYong Rexton W wr\u00f3ci\u0142 po wi\u0119cej\u2026 - ADAMOT Blog<\/title>\n<meta name=\"description\" content=\"Korea\u0144ski samoch\u00f3d terenowy, Rexton W wraca do Adamotu-u na kolejne zakupy. Tym razem powi\u0119kszamy jego przestrze\u0144 \u0142adunkow\u0105.\" \/>\n<meta name=\"robots\" content=\"index, follow, max-snippet:-1, max-image-preview:large, max-video-preview:-1\" \/>\n<link rel=\"canonical\" href=\"https:\/\/adamot.pl\/blog\/ssangyong-rexton-w-wrocil-po-wiecej\/\" \/>\n<meta property=\"og:locale\" content=\"pl_PL\" \/>\n<meta property=\"og:type\" content=\"article\" \/>\n<meta property=\"og:title\" content=\"SsangYong Rexton W wr\u00f3ci\u0142 po wi\u0119cej\u2026 - ADAMOT Blog\" \/>\n<meta property=\"og:description\" content=\"Korea\u0144ski samoch\u00f3d terenowy, Rexton W wraca do Adamotu-u na kolejne zakupy. Tym razem powi\u0119kszamy jego przestrze\u0144 \u0142adunkow\u0105.\" \/>\n<meta property=\"og:url\" content=\"https:\/\/adamot.pl\/blog\/ssangyong-rexton-w-wrocil-po-wiecej\/\" \/>\n<meta property=\"og:site_name\" content=\"ADAMOT Blog\" \/>\n<meta property=\"article:publisher\" content=\"https:\/\/www.facebook.com\/ADAMOTpl\" \/>\n<meta property=\"article:published_time\" content=\"2017-07-14T07:51:33+00:00\" \/>\n<meta property=\"article:modified_time\" content=\"2017-09-12T08:14:48+00:00\" \/>\n<meta property=\"og:image\" content=\"https:\/\/adamot.pl\/blog\/wp-content\/uploads\/2017\/07\/IMG_2278-e1500018455642.png\" \/>\n\t<meta property=\"og:image:width\" content=\"1000\" \/>\n\t<meta property=\"og:image:height\" content=\"667\" \/>\n\t<meta property=\"og:image:type\" content=\"image\/png\" \/>\n<meta name=\"author\" content=\"Beata\" \/>\n<meta name=\"twitter:card\" content=\"summary_large_image\" \/>\n<meta name=\"twitter:creator\" content=\"@ADAMOT_pl\" \/>\n<meta name=\"twitter:site\" content=\"@ADAMOT_pl\" \/>\n<meta name=\"twitter:label1\" content=\"Napisane przez\" \/>\n\t<meta name=\"twitter:data1\" content=\"Beata\" \/>\n\t<meta name=\"twitter:label2\" content=\"Szacowany czas czytania\" \/>\n\t<meta name=\"twitter:data2\" content=\"3 minuty\" \/>\n<script type=\"application\/ld+json\" class=\"yoast-schema-graph\">{\"@context\":\"https:\/\/schema.org\",\"@graph\":[{\"@type\":\"WebPage\",\"@id\":\"https:\/\/adamot.pl\/blog\/ssangyong-rexton-w-wrocil-po-wiecej\/\",\"url\":\"https:\/\/adamot.pl\/blog\/ssangyong-rexton-w-wrocil-po-wiecej\/\",\"name\":\"SsangYong Rexton W wr\u00f3ci\u0142 po wi\u0119cej\u2026 - ADAMOT Blog\",\"isPartOf\":{\"@id\":\"https:\/\/adamot.pl\/blog\/#website\"},\"primaryImageOfPage\":{\"@id\":\"https:\/\/adamot.pl\/blog\/ssangyong-rexton-w-wrocil-po-wiecej\/#primaryimage\"},\"image\":{\"@id\":\"https:\/\/adamot.pl\/blog\/ssangyong-rexton-w-wrocil-po-wiecej\/#primaryimage\"},\"thumbnailUrl\":\"https:\/\/adamot.pl\/blog\/wp-content\/uploads\/2017\/07\/IMG_2278-e1500018455642.png\",\"datePublished\":\"2017-07-14T07:51:33+00:00\",\"dateModified\":\"2017-09-12T08:14:48+00:00\",\"author\":{\"@id\":\"https:\/\/adamot.pl\/blog\/#\/schema\/person\/15e3befcdac923884bd5f51058f77aee\"},\"description\":\"Korea\u0144ski samoch\u00f3d terenowy, Rexton W wraca do Adamotu-u na kolejne zakupy. Tym razem powi\u0119kszamy jego przestrze\u0144 \u0142adunkow\u0105.\",\"breadcrumb\":{\"@id\":\"https:\/\/adamot.pl\/blog\/ssangyong-rexton-w-wrocil-po-wiecej\/#breadcrumb\"},\"inLanguage\":\"pl-PL\",\"potentialAction\":[{\"@type\":\"ReadAction\",\"target\":[\"https:\/\/adamot.pl\/blog\/ssangyong-rexton-w-wrocil-po-wiecej\/\"]}]},{\"@type\":\"ImageObject\",\"inLanguage\":\"pl-PL\",\"@id\":\"https:\/\/adamot.pl\/blog\/ssangyong-rexton-w-wrocil-po-wiecej\/#primaryimage\",\"url\":\"https:\/\/adamot.pl\/blog\/wp-content\/uploads\/2017\/07\/IMG_2278-e1500018455642.png\",\"contentUrl\":\"https:\/\/adamot.pl\/blog\/wp-content\/uploads\/2017\/07\/IMG_2278-e1500018455642.png\",\"width\":1000,\"height\":667,\"caption\":\"Prezentacja boxa dachowego na dachu samochodu. Antracytowy box komponuje si\u0119 idealnie z g\u0142\u0119boka czerni\u0105 Rextona.\"},{\"@type\":\"BreadcrumbList\",\"@id\":\"https:\/\/adamot.pl\/blog\/ssangyong-rexton-w-wrocil-po-wiecej\/#breadcrumb\",\"itemListElement\":[{\"@type\":\"ListItem\",\"position\":1,\"name\":\"Strona g\u0142\u00f3wna\",\"item\":\"https:\/\/adamot.pl\/blog\/\"},{\"@type\":\"ListItem\",\"position\":2,\"name\":\"SsangYong Rexton W wr\u00f3ci\u0142 po wi\u0119cej\u2026\"}]},{\"@type\":\"WebSite\",\"@id\":\"https:\/\/adamot.pl\/blog\/#website\",\"url\":\"https:\/\/adamot.pl\/blog\/\",\"name\":\"ADAMOT Blog\",\"description\":\"E-Magazyn - porady, testy, por\u00f3wnania, wydarzenia\",\"potentialAction\":[{\"@type\":\"SearchAction\",\"target\":{\"@type\":\"EntryPoint\",\"urlTemplate\":\"https:\/\/adamot.pl\/blog\/?s={search_term_string}\"},\"query-input\":\"required name=search_term_string\"}],\"inLanguage\":\"pl-PL\"},{\"@type\":\"Person\",\"@id\":\"https:\/\/adamot.pl\/blog\/#\/schema\/person\/15e3befcdac923884bd5f51058f77aee\",\"name\":\"Beata\",\"image\":{\"@type\":\"ImageObject\",\"inLanguage\":\"pl-PL\",\"@id\":\"https:\/\/adamot.pl\/blog\/#\/schema\/person\/image\/\",\"url\":\"https:\/\/adamot.pl\/blog\/wp-content\/litespeed\/avatar\/56fed52afecdc788ec0be8731d30ed00.jpg?ver=1777325093\",\"contentUrl\":\"https:\/\/adamot.pl\/blog\/wp-content\/litespeed\/avatar\/56fed52afecdc788ec0be8731d30ed00.jpg?ver=1777325093\",\"caption\":\"Beata\"},\"description\":\"W ADAMOT sp. z o.o. wspiera prac\u0119 dzia\u0142u marketingu. Buduje relacje z klientami przy pomocy portali spo\u0142eczno\u015bciowych. Dba o jako\u015b\u0107 naszych tekst\u00f3w, pod wzgl\u0119dem merytorycznym i j\u0119zykowym. Pasjonatka fotografii, dzi\u0119ki niej fotorelacje z wydarze\u0144 s\u0105 takie interesuj\u0105ce.\",\"url\":\"https:\/\/adamot.pl\/blog\/author\/beata-susolowska\/\"}]}<\/script>\n<!-- \/ Yoast SEO plugin. -->","yoast_head_json":{"title":"SsangYong Rexton W wr\u00f3ci\u0142 po wi\u0119cej\u2026 - ADAMOT Blog","description":"Korea\u0144ski samoch\u00f3d terenowy, Rexton W wraca do Adamotu-u na kolejne zakupy. Tym razem powi\u0119kszamy jego przestrze\u0144 \u0142adunkow\u0105.","robots":{"index":"index","follow":"follow","max-snippet":"max-snippet:-1","max-image-preview":"max-image-preview:large","max-video-preview":"max-video-preview:-1"},"canonical":"https:\/\/adamot.pl\/blog\/ssangyong-rexton-w-wrocil-po-wiecej\/","og_locale":"pl_PL","og_type":"article","og_title":"SsangYong Rexton W wr\u00f3ci\u0142 po wi\u0119cej\u2026 - ADAMOT Blog","og_description":"Korea\u0144ski samoch\u00f3d terenowy, Rexton W wraca do Adamotu-u na kolejne zakupy. Tym razem powi\u0119kszamy jego przestrze\u0144 \u0142adunkow\u0105.","og_url":"https:\/\/adamot.pl\/blog\/ssangyong-rexton-w-wrocil-po-wiecej\/","og_site_name":"ADAMOT Blog","article_publisher":"https:\/\/www.facebook.com\/ADAMOTpl","article_published_time":"2017-07-14T07:51:33+00:00","article_modified_time":"2017-09-12T08:14:48+00:00","og_image":[{"width":1000,"height":667,"url":"https:\/\/adamot.pl\/blog\/wp-content\/uploads\/2017\/07\/IMG_2278-e1500018455642.png","type":"image\/png"}],"author":"Beata","twitter_card":"summary_large_image","twitter_creator":"@ADAMOT_pl","twitter_site":"@ADAMOT_pl","twitter_misc":{"Napisane przez":"Beata","Szacowany czas czytania":"3 minuty"},"schema":{"@context":"https:\/\/schema.org","@graph":[{"@type":"WebPage","@id":"https:\/\/adamot.pl\/blog\/ssangyong-rexton-w-wrocil-po-wiecej\/","url":"https:\/\/adamot.pl\/blog\/ssangyong-rexton-w-wrocil-po-wiecej\/","name":"SsangYong Rexton W wr\u00f3ci\u0142 po wi\u0119cej\u2026 - ADAMOT Blog","isPartOf":{"@id":"https:\/\/adamot.pl\/blog\/#website"},"primaryImageOfPage":{"@id":"https:\/\/adamot.pl\/blog\/ssangyong-rexton-w-wrocil-po-wiecej\/#primaryimage"},"image":{"@id":"https:\/\/adamot.pl\/blog\/ssangyong-rexton-w-wrocil-po-wiecej\/#primaryimage"},"thumbnailUrl":"https:\/\/adamot.pl\/blog\/wp-content\/uploads\/2017\/07\/IMG_2278-e1500018455642.png","datePublished":"2017-07-14T07:51:33+00:00","dateModified":"2017-09-12T08:14:48+00:00","author":{"@id":"https:\/\/adamot.pl\/blog\/#\/schema\/person\/15e3befcdac923884bd5f51058f77aee"},"description":"Korea\u0144ski samoch\u00f3d terenowy, Rexton W wraca do Adamotu-u na kolejne zakupy. Tym razem powi\u0119kszamy jego przestrze\u0144 \u0142adunkow\u0105.","breadcrumb":{"@id":"https:\/\/adamot.pl\/blog\/ssangyong-rexton-w-wrocil-po-wiecej\/#breadcrumb"},"inLanguage":"pl-PL","potentialAction":[{"@type":"ReadAction","target":["https:\/\/adamot.pl\/blog\/ssangyong-rexton-w-wrocil-po-wiecej\/"]}]},{"@type":"ImageObject","inLanguage":"pl-PL","@id":"https:\/\/adamot.pl\/blog\/ssangyong-rexton-w-wrocil-po-wiecej\/#primaryimage","url":"https:\/\/adamot.pl\/blog\/wp-content\/uploads\/2017\/07\/IMG_2278-e1500018455642.png","contentUrl":"https:\/\/adamot.pl\/blog\/wp-content\/uploads\/2017\/07\/IMG_2278-e1500018455642.png","width":1000,"height":667,"caption":"Prezentacja boxa dachowego na dachu samochodu. Antracytowy box komponuje si\u0119 idealnie z g\u0142\u0119boka czerni\u0105 Rextona."},{"@type":"BreadcrumbList","@id":"https:\/\/adamot.pl\/blog\/ssangyong-rexton-w-wrocil-po-wiecej\/#breadcrumb","itemListElement":[{"@type":"ListItem","position":1,"name":"Strona g\u0142\u00f3wna","item":"https:\/\/adamot.pl\/blog\/"},{"@type":"ListItem","position":2,"name":"SsangYong Rexton W wr\u00f3ci\u0142 po wi\u0119cej\u2026"}]},{"@type":"WebSite","@id":"https:\/\/adamot.pl\/blog\/#website","url":"https:\/\/adamot.pl\/blog\/","name":"ADAMOT Blog","description":"E-Magazyn - porady, testy, por\u00f3wnania, wydarzenia","potentialAction":[{"@type":"SearchAction","target":{"@type":"EntryPoint","urlTemplate":"https:\/\/adamot.pl\/blog\/?s={search_term_string}"},"query-input":"required name=search_term_string"}],"inLanguage":"pl-PL"},{"@type":"Person","@id":"https:\/\/adamot.pl\/blog\/#\/schema\/person\/15e3befcdac923884bd5f51058f77aee","name":"Beata","image":{"@type":"ImageObject","inLanguage":"pl-PL","@id":"https:\/\/adamot.pl\/blog\/#\/schema\/person\/image\/","url":"https:\/\/adamot.pl\/blog\/wp-content\/litespeed\/avatar\/56fed52afecdc788ec0be8731d30ed00.jpg?ver=1777325093","contentUrl":"https:\/\/adamot.pl\/blog\/wp-content\/litespeed\/avatar\/56fed52afecdc788ec0be8731d30ed00.jpg?ver=1777325093","caption":"Beata"},"description":"W ADAMOT sp. z o.o. wspiera prac\u0119 dzia\u0142u marketingu. Buduje relacje z klientami przy pomocy portali spo\u0142eczno\u015bciowych. Dba o jako\u015b\u0107 naszych tekst\u00f3w, pod wzgl\u0119dem merytorycznym i j\u0119zykowym. Pasjonatka fotografii, dzi\u0119ki niej fotorelacje z wydarze\u0144 s\u0105 takie interesuj\u0105ce.","url":"https:\/\/adamot.pl\/blog\/author\/beata-susolowska\/"}]}},"_links":{"self":[{"href":"https:\/\/adamot.pl\/blog\/wp-json\/wp\/v2\/posts\/1308"}],"collection":[{"href":"https:\/\/adamot.pl\/blog\/wp-json\/wp\/v2\/posts"}],"about":[{"href":"https:\/\/adamot.pl\/blog\/wp-json\/wp\/v2\/types\/post"}],"author":[{"embeddable":true,"href":"https:\/\/adamot.pl\/blog\/wp-json\/wp\/v2\/users\/7"}],"replies":[{"embeddable":true,"href":"https:\/\/adamot.pl\/blog\/wp-json\/wp\/v2\/comments?post=1308"}],"version-history":[{"count":0,"href":"https:\/\/adamot.pl\/blog\/wp-json\/wp\/v2\/posts\/1308\/revisions"}],"wp:featuredmedia":[{"embeddable":true,"href":"https:\/\/adamot.pl\/blog\/wp-json\/wp\/v2\/media\/1313"}],"wp:attachment":[{"href":"https:\/\/adamot.pl\/blog\/wp-json\/wp\/v2\/media?parent=1308"}],"wp:term":[{"taxonomy":"category","embeddable":true,"href":"https:\/\/adamot.pl\/blog\/wp-json\/wp\/v2\/categories?post=1308"},{"taxonomy":"post_tag","embeddable":true,"href":"https:\/\/adamot.pl\/blog\/wp-json\/wp\/v2\/tags?post=1308"}],"curies":[{"name":"wp","href":"https:\/\/api.w.org\/{rel}","templated":true}]}}